{"id":8678,"date":"2024-03-26T13:57:05","date_gmt":"2024-03-26T12:57:05","guid":{"rendered":"https:\/\/inclusioaltemporda.cat\/portal\/?p=8678"},"modified":"2024-03-26T14:06:00","modified_gmt":"2024-03-26T13:06:00","slug":"segon-iftar-comunitari-a-castello-dempuries","status":"publish","type":"post","link":"https:\/\/inclusioaltemporda.cat\/portal\/segon-iftar-comunitari-a-castello-dempuries\/","title":{"rendered":"Segon Iftar comunitari a Castell\u00f3 d&#8217;Emp\u00faries"},"content":{"rendered":"<p>El pr\u00f2xim 6 d\u2019abril es celebrar\u00e0 el segon Iftar comunitari al municipi de Castell\u00f3 d\u2019Emp\u00faries. L\u2019Iftar \u00e9s el trencament del dejuni que es realitza cada capvespre -despr\u00e9s de la posta de sol- durant el mes de Ramad\u00e0.<\/p>\n<p>Enguany la comunitat musulmana va iniciar el Ramad\u00e0 el 11 de mar\u00e7 i finalitzar\u00e0 entre el 8-10 d\u2019abril corresponent al nov\u00e8 mes del calendari lunar isl\u00e0mic. Un mes en que es fa dejuni des de l\u2019alba fins a la posta de sol. De la tradici\u00f3 de reunir-se i fer un \u00e0pat col\u00b7lectiu per trencar el dejuni neix la voluntat de fer un iftar comunitari obert als ve\u00efns i ve\u00efnes musulmanes i no musulmanes que vulguin formar-ne part per tal de crear un espai de trobada i de coneixement.<\/p>\n<p>L\u2019acte est\u00e0 previst que s\u2019inici a les 19:00h, amb un espai de henna i un espai infantil. El tancament del dejuni es realitzar\u00e0 a les 20:20h amb harira i d\u00e0tils.<\/p>\n<p>Per participar d\u2019aquesta celebraci\u00f3, cal fer inscripci\u00f3 pr\u00e8via a trav\u00e9s del <a href=\"https:\/\/docs.google.com\/forms\/d\/e\/1FAIpQLScnpeWt6O2hviM0q2XcEKNbu00Ahbt0cRF7h-NiY4yGF_dghQ\/viewform?usp=sf_link\" target=\"_blank\" rel=\"noopener\">seg\u00fcent enlla\u00e7<\/a><\/p>\n<p>Recordeu portar got, coberts (forquilla, ganivet i cullera), plat i algun plat per compartir.<\/p>\n<p>L\u2019Iftar comunitari de Castell\u00f3 d\u2019Emp\u00faries est\u00e0 organitzat per un grup de dones del municipi i l\u2019Associaci\u00f3 Amunt i Crits! Dones referents comunit\u00e0ries de l\u2019Alt Empord\u00e0 amb la col\u00b7laboraci\u00f3 de l\u2019Ajuntament de Castell\u00f3 d\u2019Emp\u00faries i l\u2019Equip d\u2019Inclusi\u00f3 del Consell Comarcal de l\u2019Alt Empord\u00e0.<\/p>\n<p>&nbsp;<\/p>\n<p><img loading=\"lazy\" decoding=\"async\" class=\"aligncenter wp-image-8679 size-large\" src=\"https:\/\/inclusioaltemporda.cat\/portal\/wp-content\/uploads\/Cartell-Iftar-Castello-2024-3-724x1024.png\" alt=\"\" width=\"724\" height=\"1024\" srcset=\"https:\/\/inclusioaltemporda.cat\/portal\/wp-content\/uploads\/Cartell-Iftar-Castello-2024-3-724x1024.png 724w, https:\/\/inclusioaltemporda.cat\/portal\/wp-content\/uploads\/Cartell-Iftar-Castello-2024-3-212x300.png 212w, https:\/\/inclusioaltemporda.cat\/portal\/wp-content\/uploads\/Cartell-Iftar-Castello-2024-3-768x1086.png 768w, https:\/\/inclusioaltemporda.cat\/portal\/wp-content\/uploads\/Cartell-Iftar-Castello-2024-3-1086x1536.png 1086w, https:\/\/inclusioaltemporda.cat\/portal\/wp-content\/uploads\/Cartell-Iftar-Castello-2024-3-1448x2048.png 1448w\" sizes=\"auto, (max-width: 724px) 100vw, 724px\" \/><\/p>\n","protected":false},"excerpt":{"rendered":"<p>El 6 d\u2019abril es dur\u00e0 a terme l&#8217;Iftar comunitari de Castell\u00f3 d\u2019Emp\u00faries per donar a con\u00e8ixer la festivitat del Ramad\u00e0 entre tots els ve\u00efns i ve\u00efnes i crear un espai de trobada i de coneixement mutu.<\/p>\n","protected":false},"author":2,"featured_media":8680,"comment_status":"closed","ping_status":"closed","sticky":false,"template":"","format":"standard","meta":{"footnotes":""},"categories":[106,33,101,1,108,12],"tags":[],"class_list":["post-8678","post","type-post","status-publish","format-standard","has-post-thumbnail","hentry","category-administracions","category-agenda","category-ciutadania","category-general","category-mitjans-comunicacio","category-pla-dinclusio-2","category-106","category-33","category-101","category-1","category-108","category-12","description-off"],"_links":{"self":[{"href":"https:\/\/inclusioaltemporda.cat\/portal\/wp-json\/wp\/v2\/posts\/8678","targetHints":{"allow":["GET"]}}],"collection":[{"href":"https:\/\/inclusioaltemporda.cat\/portal\/wp-json\/wp\/v2\/posts"}],"about":[{"href":"https:\/\/inclusioaltemporda.cat\/portal\/wp-json\/wp\/v2\/types\/post"}],"author":[{"embeddable":true,"href":"https:\/\/inclusioaltemporda.cat\/portal\/wp-json\/wp\/v2\/users\/2"}],"replies":[{"embeddable":true,"href":"https:\/\/inclusioaltemporda.cat\/portal\/wp-json\/wp\/v2\/comments?post=8678"}],"version-history":[{"count":4,"href":"https:\/\/inclusioaltemporda.cat\/portal\/wp-json\/wp\/v2\/posts\/8678\/revisions"}],"predecessor-version":[{"id":8684,"href":"https:\/\/inclusioaltemporda.cat\/portal\/wp-json\/wp\/v2\/posts\/8678\/revisions\/8684"}],"wp:featuredmedia":[{"embeddable":true,"href":"https:\/\/inclusioaltemporda.cat\/portal\/wp-json\/wp\/v2\/media\/8680"}],"wp:attachment":[{"href":"https:\/\/inclusioaltemporda.cat\/portal\/wp-json\/wp\/v2\/media?parent=8678"}],"wp:term":[{"taxonomy":"category","embeddable":true,"href":"https:\/\/inclusioaltemporda.cat\/portal\/wp-json\/wp\/v2\/categories?post=8678"},{"taxonomy":"post_tag","embeddable":true,"href":"https:\/\/inclusioaltemporda.cat\/portal\/wp-json\/wp\/v2\/tags?post=8678"}],"curies":[{"name":"wp","href":"https:\/\/api.w.org\/{rel}","templated":true}]}}