{"id":8702,"date":"2024-05-07T12:41:50","date_gmt":"2024-05-07T10:41:50","guid":{"rendered":"https:\/\/inclusioaltemporda.cat\/portal\/?p=8702"},"modified":"2024-05-07T12:56:14","modified_gmt":"2024-05-07T10:56:14","slug":"1a-jornada-parlem-del-suicidi-a-lalt-emporda","status":"publish","type":"post","link":"https:\/\/inclusioaltemporda.cat\/portal\/1a-jornada-parlem-del-suicidi-a-lalt-emporda\/","title":{"rendered":"1a Jornada Parlem del Su\u00efcidi a l&#8217;Alt Empord\u00e0"},"content":{"rendered":"<p>El proper divendres 31 de maig es celebrar\u00e0 a l\u2019Auditori dels Caputxins de Figueres la 1a jornada PARLEM DEL SU\u00cfCIDI, organitzada per l\u2019Associaci\u00f3 Tramuntana Despr\u00e9s del Su\u00efcidi.<\/p>\n<p>L\u2019objectiu de la jornada \u00e9s el de compartir i sensibilitzar entorn aquesta q\u00fcesti\u00f3 i refor\u00e7ar la xarxa de treball professional en aquest \u00e0mbit a l\u2019Alt Empord\u00e0.<\/p>\n<p>La jornada tindr\u00e0 lloc el 31 de maig de 9 a 14h a l\u2019Auditori dels Caputxins de Figueres. Les inscripcions estan obertes i es poden realitzat mitjan\u00e7ant el seg\u00fcent <a href=\"https:\/\/forms.gle\/g265tEYw13yu99CdA\" target=\"_blank\" rel=\"noopener\">formulari online<\/a><\/p>\n<p>La jornada s\u2019ha organitzat amb la col\u00b7laboraci\u00f3 de l\u2019\u00e0rea de Benestar del Consell Comarcal, l\u2019Ajuntament de Figueres, l\u2019Institut Catal\u00e0 de la Salut (ICS), l\u2019Institut d\u2019Assist\u00e8ncia Sanit\u00e0ria (IAS), Emerg\u00e8ncies M\u00e8diques del Departament de Salut, Mossos d\u2019Esquadra, Associaci\u00f3 per a la prevenci\u00f3 del su\u00efcidi i l\u2019atenci\u00f3 al supervivent, Mans Amigues-Dol per Su\u00efcidi, Salut Mental Catalunya, DSAS i el Casino Menestral Figuerenc..<\/p>\n","protected":false},"excerpt":{"rendered":"<p>El proper divendres 31 de maig es celebrar\u00e0 la jornada organitzada per l\u2019Associaci\u00f3 Tramuntana Despr\u00e9s del Su\u00efcidi amb la col\u00b7laboraci\u00f3 de diverses institucions i entitats.<\/p>\n","protected":false},"author":2,"featured_media":8704,"comment_status":"closed","ping_status":"closed","sticky":false,"template":"","format":"standard","meta":{"footnotes":""},"categories":[1,108,102],"tags":[],"class_list":["post-8702","post","type-post","status-publish","format-standard","has-post-thumbnail","hentry","category-general","category-mitjans-comunicacio","category-professionals-ambit-social","category-1","category-108","category-102","description-off"],"_links":{"self":[{"href":"https:\/\/inclusioaltemporda.cat\/portal\/wp-json\/wp\/v2\/posts\/8702","targetHints":{"allow":["GET"]}}],"collection":[{"href":"https:\/\/inclusioaltemporda.cat\/portal\/wp-json\/wp\/v2\/posts"}],"about":[{"href":"https:\/\/inclusioaltemporda.cat\/portal\/wp-json\/wp\/v2\/types\/post"}],"author":[{"embeddable":true,"href":"https:\/\/inclusioaltemporda.cat\/portal\/wp-json\/wp\/v2\/users\/2"}],"replies":[{"embeddable":true,"href":"https:\/\/inclusioaltemporda.cat\/portal\/wp-json\/wp\/v2\/comments?post=8702"}],"version-history":[{"count":5,"href":"https:\/\/inclusioaltemporda.cat\/portal\/wp-json\/wp\/v2\/posts\/8702\/revisions"}],"predecessor-version":[{"id":8708,"href":"https:\/\/inclusioaltemporda.cat\/portal\/wp-json\/wp\/v2\/posts\/8702\/revisions\/8708"}],"wp:featuredmedia":[{"embeddable":true,"href":"https:\/\/inclusioaltemporda.cat\/portal\/wp-json\/wp\/v2\/media\/8704"}],"wp:attachment":[{"href":"https:\/\/inclusioaltemporda.cat\/portal\/wp-json\/wp\/v2\/media?parent=8702"}],"wp:term":[{"taxonomy":"category","embeddable":true,"href":"https:\/\/inclusioaltemporda.cat\/portal\/wp-json\/wp\/v2\/categories?post=8702"},{"taxonomy":"post_tag","embeddable":true,"href":"https:\/\/inclusioaltemporda.cat\/portal\/wp-json\/wp\/v2\/tags?post=8702"}],"curies":[{"name":"wp","href":"https:\/\/api.w.org\/{rel}","templated":true}]}}