{"id":8724,"date":"2024-07-22T15:21:25","date_gmt":"2024-07-22T13:21:25","guid":{"rendered":"https:\/\/inclusioaltemporda.cat\/portal\/?p=8724"},"modified":"2024-07-22T15:28:20","modified_gmt":"2024-07-22T13:28:20","slug":"finalitza-el-projecte-lalt-emporda-una-comarca-inclusiva-amb-salut-i-sostenible-2023-2024","status":"publish","type":"post","link":"https:\/\/inclusioaltemporda.cat\/portal\/finalitza-el-projecte-lalt-emporda-una-comarca-inclusiva-amb-salut-i-sostenible-2023-2024\/","title":{"rendered":"Finalitza el projecte \u00abL\u2019Alt Empord\u00e0, una comarca inclusiva, amb salut i sostenible\u00bb per al per\u00edode 2023-2024"},"content":{"rendered":"<p>Finalitza el projecte \u00abL\u2019Alt Empord\u00e0, una comarca inclusiva, amb salut i sostenible\u00bb per al per\u00edode 2023-2024, que ha comptat amb el suport econ\u00f2mic del Programa Benestar i Comunitat de Dipsalut. Aquest t\u00e9 com a finalitat refor\u00e7ar els dispositius i recursos adre\u00e7ats a atendre les persones en situaci\u00f3 de major vulnerabilitat de la comarca, que tinguin com a objectiu millorar la seva qualitat de vida i l\u2019apoderament de la comunitat i les persones.<\/p>\n<p>Aquesta iniciativa, avalada per la seva traject\u00f2ria de treball, dona continu\u00eftat al primer projecte impulsat l\u2019any 2018<!-- Link: https:\/\/inclusioaltemporda.cat\/portal\/larea-de-benestar-del-consell-comarcal-promou-el-projecte-lalt-emporda-una-comarca-inclusiva-amb-salut-i-sostenible\/ -->.<\/p>\n<p>El projecte, promogut i impulsat per l\u2019\u00e0rea de Benestar del Consell Comarcal de l\u2019Alt Empord\u00e0, es desenvolupa i es treballa transversalment amb l\u2019Ajuntament de Figueres i les entitats socials que actuen en el territori (C\u00e0ritas, Creu Roja i Fundaci\u00f3 Ser.Gi, Fundaci\u00f3 Sant Vicen\u00e7 de Pa\u00fcl-Ksameu, Fundaci\u00f3 APIP-ACAM i Associaci\u00f3 Ranura), en el marc de la Taula per a la Inclusi\u00f3 i la Cohesi\u00f3 Social de l\u2019Alt Empord\u00e0. Els agents implicats en la definici\u00f3 s\u00f3n tamb\u00e9 els responsables de la implementaci\u00f3 de les diferents accions previstes en diferents municipis de la comarca.<\/p>\n<p>Les actuacions desenvolupades en el per\u00edode 2023-2024 en el marc del projecte \u00abL\u2019Alt Empord\u00e0, una comarca inclusiva, amb salut i sostenible\u00bb s\u2019han agrupat en dos eixos de treball. El primer t\u00e9 com a objectiu garantir la cobertura dels drets econ\u00f2mics, socials i culturals de les persones i fam\u00edlies en situaci\u00f3 de vulnerabilitat de la comarca, incidint de forma positiva en els determinants de salut de la poblaci\u00f3. El segon eix t\u00e9 com a objectiu refor\u00e7ar l\u2019apoderament de persones (autonomia i capacitats individuals) i les seves comunitats per tal que esdevinguin agents de transformaci\u00f3 de les seves condicions de vida, incorporant estrat\u00e8gies per facilitar suport emocional. Les actuacions han estat les seg\u00fcents:<\/p>\n<p>1) Programa \u00abGarantir condicions de vida digna\u00bb<\/p>\n<p>&#8211; Ajuts per la cobertura de necessitats b\u00e0siques (Creu Roja)<\/p>\n<p>&#8211; Atenci\u00f3 integral a persones sense llar (C\u00e0ritas)<\/p>\n<p>&#8211; Atenci\u00f3, acompanyament, derivaci\u00f3, coordinaci\u00f3 i sensibilitzaci\u00f3 a la comarca de l\u2019Alt Empord\u00e0 per a dones amb\/sense fills\/es a c\u00e0rrec, en situaci\u00f3 de vulnerabilitat i entorns de prostituci\u00f3 (Apip-acam)<\/p>\n<p>2) Programa \u00abFomentar l\u2019autonomia i apoderament de les persones en situaci\u00f3 m\u00e9s vulnerable\u00bb<\/p>\n<p>Intervenci\u00f3 comunit\u00e0ria en l\u2019\u00e0mbit local<\/p>\n<p>&#8211; Apoderament comunitari dones migrades d\u2019origen subsahari\u00e0 o filles de pares d\u2019origen subsahari\u00e0 (Fundaci\u00f3 Ser.Gi)<\/p>\n<p>&#8211; Dones migrades i viol\u00e8ncia masclista. Un abordatge comunitari i en clau de g\u00e8nere (Fundaci\u00f3 Ser.Gi)<\/p>\n<p>&#8211; \u00c0ncora, detecci\u00f3 i prevenci\u00f3 de situacions d\u2019a\u00efllament (Creu Roja, C\u00e0ritas i Consell Comarcal)<\/p>\n<p>&#8211; Projecte de millora social comunit\u00e0ria (Consell Comarcal)<\/p>\n<p>Apoderament digital i acc\u00e9s a les TIC de fam\u00edlies i infants<\/p>\n<p>&#8211; Compet\u00e8ncia digital (Creu Roja)<\/p>\n<p>Acompanyament i suport emocional a joves i infants<\/p>\n<p>&#8211; Zona VIP, acompanyament terap\u00e8utic individual, grupal i familiar (Cooperativa Ranura)<\/p>\n<p>&#8211; Servei d\u2019Intervenci\u00f3 Educativa (C\u00e0ritas)<\/p>\n<p>Durant el per\u00edode 2024-2028 es donar\u00e0 continu\u00eftat al projecte comarcal amb un nou projecte \u00abL\u2019Alt Empord\u00e0, una comarca inclusiva, amb salut i sostenible\u00bb amb el suport del finan\u00e7ament del programa Benestar i comunitat de Dipsalut. En aquest es proposa donar continu\u00eftat a algunes accions i impulsar-ne de noves tenint en compte les noves necessitats identificades a la comarca i el coneixement aterrat que tenen les entitats i administracions a trav\u00e9s de projectes d\u2019intervenci\u00f3 directa que duen a terme a la comarca. del treball amb les persones.<\/p>\n<p>Aquest programa comarcal ofereix un marc de treball a partir d\u2019una estrat\u00e8gia compartida i consensuada entre entitats socials i administraci\u00f3 amb l\u2019objectiu d\u2019afavorir l\u2019apoderament individual i col\u00b7lectiu que permeti garantir els drets econ\u00f2mics, socials i culturals impulsant el benestar de la comunitat.<\/p>\n","protected":false},"excerpt":{"rendered":"<p>Aquest t\u00e9 com a finalitat refor\u00e7ar els dispositius i recursos adre\u00e7ats a atendre les persones en situaci\u00f3 de major vulnerabilitat de la comarca, que tinguin com a objectiu millorar la seva qualitat de vida i l\u2019apoderament de la comunitat i les persones.<\/p>\n","protected":false},"author":2,"featured_media":7441,"comment_status":"closed","ping_status":"closed","sticky":false,"template":"","format":"standard","meta":{"footnotes":""},"categories":[106,100,101,1,108,12,11],"tags":[],"class_list":["post-8724","post","type-post","status-publish","format-standard","has-post-thumbnail","hentry","category-administracions","category-area-benestar","category-ciutadania","category-general","category-mitjans-comunicacio","category-pla-dinclusio-2","category-taula-inclusio","category-106","category-100","category-101","category-1","category-108","category-12","category-11","description-off"],"_links":{"self":[{"href":"https:\/\/inclusioaltemporda.cat\/portal\/wp-json\/wp\/v2\/posts\/8724","targetHints":{"allow":["GET"]}}],"collection":[{"href":"https:\/\/inclusioaltemporda.cat\/portal\/wp-json\/wp\/v2\/posts"}],"about":[{"href":"https:\/\/inclusioaltemporda.cat\/portal\/wp-json\/wp\/v2\/types\/post"}],"author":[{"embeddable":true,"href":"https:\/\/inclusioaltemporda.cat\/portal\/wp-json\/wp\/v2\/users\/2"}],"replies":[{"embeddable":true,"href":"https:\/\/inclusioaltemporda.cat\/portal\/wp-json\/wp\/v2\/comments?post=8724"}],"version-history":[{"count":3,"href":"https:\/\/inclusioaltemporda.cat\/portal\/wp-json\/wp\/v2\/posts\/8724\/revisions"}],"predecessor-version":[{"id":8727,"href":"https:\/\/inclusioaltemporda.cat\/portal\/wp-json\/wp\/v2\/posts\/8724\/revisions\/8727"}],"wp:featuredmedia":[{"embeddable":true,"href":"https:\/\/inclusioaltemporda.cat\/portal\/wp-json\/wp\/v2\/media\/7441"}],"wp:attachment":[{"href":"https:\/\/inclusioaltemporda.cat\/portal\/wp-json\/wp\/v2\/media?parent=8724"}],"wp:term":[{"taxonomy":"category","embeddable":true,"href":"https:\/\/inclusioaltemporda.cat\/portal\/wp-json\/wp\/v2\/categories?post=8724"},{"taxonomy":"post_tag","embeddable":true,"href":"https:\/\/inclusioaltemporda.cat\/portal\/wp-json\/wp\/v2\/tags?post=8724"}],"curies":[{"name":"wp","href":"https:\/\/api.w.org\/{rel}","templated":true}]}}