{"id":8735,"date":"2024-04-15T13:59:57","date_gmt":"2024-04-15T11:59:57","guid":{"rendered":"https:\/\/inclusioaltemporda.cat\/portal\/?p=8735"},"modified":"2024-09-10T14:07:41","modified_gmt":"2024-09-10T12:07:41","slug":"el-consell-comarcal-realitza-millores-en-el-crae-lalbera","status":"publish","type":"post","link":"https:\/\/inclusioaltemporda.cat\/portal\/el-consell-comarcal-realitza-millores-en-el-crae-lalbera\/","title":{"rendered":"El Consell Comarcal realitza millores en el CRAE l&#8217;Albera"},"content":{"rendered":"<p class=\"western\" lang=\"ca-ES\">El Consell Comarcal de l\u2019Alt Empord\u00e0 aposta per la modernitzaci\u00f3 i creixement de les seves infraestructures. El CRAE l\u2019Albera, de titularitat del Consell Comarcal de l\u2019Alt Empord\u00e0 i gestionat per Suara Serveis SCCL, ha realitzat la reforma total de la cuina del centre adaptant-la a les necessitats actuals dels infants i joves que hi resideixen.<\/p>\n<p class=\"western\" lang=\"ca-ES\">Aquest espai s&#8217;ha transformat completament per tal de dimensionar-lo i adaptar-lo a les necessitats actuals del centre i dels menors acollits en aquest. En primer lloc, s\u2019ha dut a terme una ampliaci\u00f3 de la cuina que permetr\u00e0 millorar la utilitzaci\u00f3 de la cuina com a un dels espais educatius del centre on es treballa l&#8217;autonomia dels infants i joves acollits. En segon lloc, s\u2019ha adaptat el conjunt de mobiliari de la cuina per tal que aquest s\u2019ajust\u00e9s als requeriments legals actuals. I en tercer lloc, s\u2019han realitzat alguns canvis de distribuci\u00f3 de l\u2019espai de la cuina per poder millorar i facilitar-ne l\u2019\u00fas per part dels infants, joves i equip educatiu que resideixen al centre.<\/p>\n<p class=\"western\" lang=\"ca-ES\">Aquestes millores s\u2019han realitzat amb el suport econ\u00f2mic de la <a href=\"https:\/\/www.dipsalut.cat\/area.html?a=13&amp;id=59\" target=\"_blank\" rel=\"noopener\">convocat\u00f2ria de subvencions a consells comarcals i consorcis d\u2019acci\u00f3 social per inversions en equipaments de centres d\u2019acci\u00f3 socials per a l\u2019any 2024 de Dipsalut<\/a>.<\/p>\n<p lang=\"ca-ES\">El Centre Residencial d&#8217;Acci\u00f3 Educativa l&#8217;Albera (CRAE) \u00e9s un servei especialitzat en l&#8217;\u00e0mbit de l&#8217;atenci\u00f3 a la inf\u00e0ncia, que est\u00e0 ubicat a Figueres, i que consta de 16 places residencials per a infants i adolescents entre 2 i 18 anys tutelats per la Generalitat.<\/p>\n<p class=\"western\" lang=\"ca-ES\">Imatges de les reformes realitzades:<\/p>\n<p lang=\"ca-ES\"><img loading=\"lazy\" decoding=\"async\" class=\"aligncenter wp-image-8740 size-full\" src=\"https:\/\/inclusioaltemporda.cat\/portal\/wp-content\/uploads\/Cuina-1.png\" alt=\"\" width=\"271\" height=\"483\" srcset=\"https:\/\/inclusioaltemporda.cat\/portal\/wp-content\/uploads\/Cuina-1.png 271w, https:\/\/inclusioaltemporda.cat\/portal\/wp-content\/uploads\/Cuina-1-168x300.png 168w\" sizes=\"auto, (max-width: 271px) 100vw, 271px\" \/><\/p>\n<p lang=\"ca-ES\"><img loading=\"lazy\" decoding=\"async\" class=\"aligncenter wp-image-8741 size-full\" src=\"https:\/\/inclusioaltemporda.cat\/portal\/wp-content\/uploads\/Cuina-2.png\" alt=\"\" width=\"571\" height=\"325\" srcset=\"https:\/\/inclusioaltemporda.cat\/portal\/wp-content\/uploads\/Cuina-2.png 571w, https:\/\/inclusioaltemporda.cat\/portal\/wp-content\/uploads\/Cuina-2-300x171.png 300w\" sizes=\"auto, (max-width: 571px) 100vw, 571px\" \/><\/p>\n<p lang=\"ca-ES\"><img loading=\"lazy\" decoding=\"async\" class=\"aligncenter wp-image-8742 size-full\" src=\"https:\/\/inclusioaltemporda.cat\/portal\/wp-content\/uploads\/Cuina-3.png\" alt=\"\" width=\"566\" height=\"320\" srcset=\"https:\/\/inclusioaltemporda.cat\/portal\/wp-content\/uploads\/Cuina-3.png 566w, https:\/\/inclusioaltemporda.cat\/portal\/wp-content\/uploads\/Cuina-3-300x170.png 300w\" sizes=\"auto, (max-width: 566px) 100vw, 566px\" \/><\/p>\n","protected":false},"excerpt":{"rendered":"<p>Durant els darrers mesos s&#8217;ha dut a terme una renovaci\u00f3 total de la cuina del centre residencial d&#8217;acollida amb el suport de Dipslaut.<\/p>\n","protected":false},"author":2,"featured_media":2291,"comment_status":"closed","ping_status":"closed","sticky":false,"template":"","format":"standard","meta":{"footnotes":""},"categories":[106,100,104,1,127,108],"tags":[],"class_list":["post-8735","post","type-post","status-publish","format-standard","has-post-thumbnail","hentry","category-administracions","category-area-benestar","category-entitats-socials","category-general","category-infancia-i-adolescencia","category-mitjans-comunicacio","category-106","category-100","category-104","category-1","category-127","category-108","description-off"],"_links":{"self":[{"href":"https:\/\/inclusioaltemporda.cat\/portal\/wp-json\/wp\/v2\/posts\/8735","targetHints":{"allow":["GET"]}}],"collection":[{"href":"https:\/\/inclusioaltemporda.cat\/portal\/wp-json\/wp\/v2\/posts"}],"about":[{"href":"https:\/\/inclusioaltemporda.cat\/portal\/wp-json\/wp\/v2\/types\/post"}],"author":[{"embeddable":true,"href":"https:\/\/inclusioaltemporda.cat\/portal\/wp-json\/wp\/v2\/users\/2"}],"replies":[{"embeddable":true,"href":"https:\/\/inclusioaltemporda.cat\/portal\/wp-json\/wp\/v2\/comments?post=8735"}],"version-history":[{"count":6,"href":"https:\/\/inclusioaltemporda.cat\/portal\/wp-json\/wp\/v2\/posts\/8735\/revisions"}],"predecessor-version":[{"id":8744,"href":"https:\/\/inclusioaltemporda.cat\/portal\/wp-json\/wp\/v2\/posts\/8735\/revisions\/8744"}],"wp:featuredmedia":[{"embeddable":true,"href":"https:\/\/inclusioaltemporda.cat\/portal\/wp-json\/wp\/v2\/media\/2291"}],"wp:attachment":[{"href":"https:\/\/inclusioaltemporda.cat\/portal\/wp-json\/wp\/v2\/media?parent=8735"}],"wp:term":[{"taxonomy":"category","embeddable":true,"href":"https:\/\/inclusioaltemporda.cat\/portal\/wp-json\/wp\/v2\/categories?post=8735"},{"taxonomy":"post_tag","embeddable":true,"href":"https:\/\/inclusioaltemporda.cat\/portal\/wp-json\/wp\/v2\/tags?post=8735"}],"curies":[{"name":"wp","href":"https:\/\/api.w.org\/{rel}","templated":true}]}}