{"id":8774,"date":"2024-11-25T08:41:06","date_gmt":"2024-11-25T07:41:06","guid":{"rendered":"https:\/\/inclusioaltemporda.cat\/portal\/?p=8774"},"modified":"2024-11-25T08:45:54","modified_gmt":"2024-11-25T07:45:54","slug":"el-consell-comarcal-de-lalt-emporda-programa-diverses-accions-de-sensibilitzacio-amb-motiu-del-dia-internacional-per-lerradicacio-de-la-violencia-vers-les-dones","status":"publish","type":"post","link":"https:\/\/inclusioaltemporda.cat\/portal\/el-consell-comarcal-de-lalt-emporda-programa-diverses-accions-de-sensibilitzacio-amb-motiu-del-dia-internacional-per-lerradicacio-de-la-violencia-vers-les-dones\/","title":{"rendered":"El Consell Comarcal de l\u2019Alt Empord\u00e0 programa accions de sensibilitzaci\u00f3 amb motiu del Dia Internacional per l\u2019Erradicaci\u00f3 de la Viol\u00e8ncia vers les Dones"},"content":{"rendered":"<p>El Consell Comarcal de l\u2019Alt Empord\u00e0 ha programat diverses accions orientades tant a la sensibilitzaci\u00f3 de la ciutadania com al suport a les v\u00edctimes de viol\u00e8ncia masclista.<br \/>\nEl passat 16 de novembre es va engegar la campanya de difusi\u00f3 i sensibilitzaci\u00f3 #JoEmPlanto #JoActuo, que ha estat present en diversos mercats municipals de la comarca per tal d\u2019informar a la ciutadania sobre els servis d\u2019atenci\u00f3 i ajuda davant les situacions de viol\u00e8ncia masclista. Durant les darreres setmanes les t\u00e8cniques d\u2019Igualtat i Inclusi\u00f3 han visitat els mercats de La Jonquera, Llan\u00e7\u00e0, L\u2019Escala, Sant Pere Pescador, Empuriabrava, Roses i Cadaqu\u00e9s, i el resultat d\u2019aquesta acci\u00f3 es veur\u00e0 plasmat en un v\u00eddeo recull realitzat amb motiu del 25N. La campanya, que es difondr\u00e0 tamb\u00e9 a trav\u00e9s de les xarxes socials, \u00e9s un crida tant per a la ciutadania com a les institucions, per fer front a una xacra que ja ha acabat amb la vida de vint dones a Catalunya durant aquest 2024.<br \/>\nPer altra banda, la seu del Consell Comarcal (C\/Nou 48, Figueres) acollir\u00e0 durant les properes setmanes l\u2019exposici\u00f3 L\u2019Art que sana, un recull d\u2019obres realitzades per dones i infants ateses al Servei d\u2019Intervenci\u00f3 Especialitzada en Viol\u00e8ncies Masclistes de l\u2019Alt Empord\u00e0 (SIE) durant el seu proc\u00e9s terap\u00e8utic. La mostra de pintura, dibuix i textos dona veu a les supervivents de Viol\u00e8ncies Masclistes des de la seva expressi\u00f3 m\u00e9s \u00edntima i an\u00f2nima.<br \/>\nEl mateix 25 de novembre a les 14h del migdia a la seu del Consell Comarcal es far\u00e0 la inauguraci\u00f3 de l\u2019exposici\u00f3 amb la pres\u00e8ncia de les t\u00e8cniques del Servei d\u2019Intervenci\u00f3 Especialitzada (SIE) i algunes de dones que han fet possible l\u2019exposici\u00f3. Posteriorment es far\u00e0 la lectura del manifest institucional.<\/p>\n","protected":false},"excerpt":{"rendered":"<p>El Consell Comarcal ha programat diverses accions orientades tant a la sensibilitzaci\u00f3 de la ciutadania com al suport a les v\u00edctimes de viol\u00e8ncia masclista.<\/p>\n","protected":false},"author":2,"featured_media":8775,"comment_status":"closed","ping_status":"closed","sticky":false,"template":"","format":"standard","meta":{"footnotes":""},"categories":[106,33,101,1,108],"tags":[],"class_list":["post-8774","post","type-post","status-publish","format-standard","has-post-thumbnail","hentry","category-administracions","category-agenda","category-ciutadania","category-general","category-mitjans-comunicacio","category-106","category-33","category-101","category-1","category-108","description-off"],"_links":{"self":[{"href":"https:\/\/inclusioaltemporda.cat\/portal\/wp-json\/wp\/v2\/posts\/8774","targetHints":{"allow":["GET"]}}],"collection":[{"href":"https:\/\/inclusioaltemporda.cat\/portal\/wp-json\/wp\/v2\/posts"}],"about":[{"href":"https:\/\/inclusioaltemporda.cat\/portal\/wp-json\/wp\/v2\/types\/post"}],"author":[{"embeddable":true,"href":"https:\/\/inclusioaltemporda.cat\/portal\/wp-json\/wp\/v2\/users\/2"}],"replies":[{"embeddable":true,"href":"https:\/\/inclusioaltemporda.cat\/portal\/wp-json\/wp\/v2\/comments?post=8774"}],"version-history":[{"count":2,"href":"https:\/\/inclusioaltemporda.cat\/portal\/wp-json\/wp\/v2\/posts\/8774\/revisions"}],"predecessor-version":[{"id":8777,"href":"https:\/\/inclusioaltemporda.cat\/portal\/wp-json\/wp\/v2\/posts\/8774\/revisions\/8777"}],"wp:featuredmedia":[{"embeddable":true,"href":"https:\/\/inclusioaltemporda.cat\/portal\/wp-json\/wp\/v2\/media\/8775"}],"wp:attachment":[{"href":"https:\/\/inclusioaltemporda.cat\/portal\/wp-json\/wp\/v2\/media?parent=8774"}],"wp:term":[{"taxonomy":"category","embeddable":true,"href":"https:\/\/inclusioaltemporda.cat\/portal\/wp-json\/wp\/v2\/categories?post=8774"},{"taxonomy":"post_tag","embeddable":true,"href":"https:\/\/inclusioaltemporda.cat\/portal\/wp-json\/wp\/v2\/tags?post=8774"}],"curies":[{"name":"wp","href":"https:\/\/api.w.org\/{rel}","templated":true}]}}