{"id":915,"date":"2012-12-12T18:57:06","date_gmt":"2012-12-12T17:57:06","guid":{"rendered":"https:\/\/inclusioaltemporda.cat\/portal\/?p=915"},"modified":"2016-02-01T09:21:55","modified_gmt":"2016-02-01T08:21:55","slug":"serie-de-documentals-a-tv3-per-combatre-la-pobresa","status":"publish","type":"post","link":"https:\/\/inclusioaltemporda.cat\/portal\/serie-de-documentals-a-tv3-per-combatre-la-pobresa\/","title":{"rendered":"S\u00e8rie de documentals a TV3 per combatre la pobresa"},"content":{"rendered":"<p><!--:CA--><a href=\"https:\/\/inclusioaltemporda.cat\/portal\/wp-content\/uploads\/Why-poverty.jpg\"><img loading=\"lazy\" decoding=\"async\" title=\"Why poverty\" src=\"https:\/\/inclusioaltemporda.cat\/portal\/wp-content\/uploads\/Why-poverty.jpg\" alt=\"\" width=\"351\" height=\"144\" \/><\/a><\/p>\n<p>Televisi\u00f3 de Catalunya est\u00e0 participant en un\u00a0 projecte internacional per combatre la pobresa i l&#8217;exclusi\u00f3 social amb l&#8217;emissi\u00f3 de 8 documentals sobre aquesta tem\u00e0tica. Aquests documentals, que seran emesos per m\u00e9s de 70 televisions de tot el m\u00f3n, porten el t\u00edtol de Per qu\u00e8 la pobresa? (Why poverty?) i es poden visionar des de la p\u00e0gina web de <a title=\"TV3\" href=\"http:\/\/www.tv3.cat\/why-poverty\/videos\">TV3<\/a>. Aquesta iniciativa tamb\u00e9 facilita l&#8217;acc\u00e9s a a diferents curtmetratges\u00a0 i a una agenda d&#8217;activitats. No us els perdeu !<\/p>\n<p>Si voleu accedir a la p\u00e0gina web d&#8217;aquest projecte internacional, ho podeu fer des d&#8217;aquest <a title=\"enlla\u00e7\" href=\"http:\/\/www.whypoverty.net\/\">enlla\u00e7<\/a>.<!--:--><!--:en--><\/p>\n<p><!--:--><!--:fr--><\/p>\n<p><!--:--><!--:es--><\/p>\n<p><!--:--><\/p>\n","protected":false},"excerpt":{"rendered":"<p>Televisi\u00f3 de Catalunya est\u00e0 participant en un\u00a0 projecte internacional per combatre la pobresa i l&#8217;exclusi\u00f3 social amb l&#8217;emissi\u00f3 de 8 documentals sobre aquesta tem\u00e0tica. Aquests documentals, que seran emesos per&hellip;<\/p>\n","protected":false},"author":3,"featured_media":0,"comment_status":"closed","ping_status":"closed","sticky":false,"template":"","format":"standard","meta":{"footnotes":""},"categories":[1],"tags":[121,24],"class_list":["post-915","post","type-post","status-publish","format-standard","hentry","category-general","tag-enllacos-dinteres-ca","tag-inclusio-social","category-1","description-off"],"_links":{"self":[{"href":"https:\/\/inclusioaltemporda.cat\/portal\/wp-json\/wp\/v2\/posts\/915","targetHints":{"allow":["GET"]}}],"collection":[{"href":"https:\/\/inclusioaltemporda.cat\/portal\/wp-json\/wp\/v2\/posts"}],"about":[{"href":"https:\/\/inclusioaltemporda.cat\/portal\/wp-json\/wp\/v2\/types\/post"}],"author":[{"embeddable":true,"href":"https:\/\/inclusioaltemporda.cat\/portal\/wp-json\/wp\/v2\/users\/3"}],"replies":[{"embeddable":true,"href":"https:\/\/inclusioaltemporda.cat\/portal\/wp-json\/wp\/v2\/comments?post=915"}],"version-history":[{"count":8,"href":"https:\/\/inclusioaltemporda.cat\/portal\/wp-json\/wp\/v2\/posts\/915\/revisions"}],"predecessor-version":[{"id":3374,"href":"https:\/\/inclusioaltemporda.cat\/portal\/wp-json\/wp\/v2\/posts\/915\/revisions\/3374"}],"wp:attachment":[{"href":"https:\/\/inclusioaltemporda.cat\/portal\/wp-json\/wp\/v2\/media?parent=915"}],"wp:term":[{"taxonomy":"category","embeddable":true,"href":"https:\/\/inclusioaltemporda.cat\/portal\/wp-json\/wp\/v2\/categories?post=915"},{"taxonomy":"post_tag","embeddable":true,"href":"https:\/\/inclusioaltemporda.cat\/portal\/wp-json\/wp\/v2\/tags?post=915"}],"curies":[{"name":"wp","href":"https:\/\/api.w.org\/{rel}","templated":true}]}}