{"id":928,"date":"2012-12-13T16:02:40","date_gmt":"2012-12-13T15:02:40","guid":{"rendered":"https:\/\/inclusioaltemporda.cat\/portal\/?p=928"},"modified":"2016-02-01T09:21:55","modified_gmt":"2016-02-01T08:21:55","slug":"60-professionals-deducacio-infantil-i-primaria-fan-formacio-promoguda-per-larea-de-benestar","status":"publish","type":"post","link":"https:\/\/inclusioaltemporda.cat\/portal\/60-professionals-deducacio-infantil-i-primaria-fan-formacio-promoguda-per-larea-de-benestar\/","title":{"rendered":"60 professionals d&#8217;educaci\u00f3 infantil i prim\u00e0ria fan formaci\u00f3 que promou l&#8217;\u00c0rea de Benestar"},"content":{"rendered":"<p><!--:CA-->El 10 de novembre passat, 60 professionals de diferents centres d&#8217;educaci\u00f3 infantil 0-3 anys i de prim\u00e0ria de la comarca, van participar en la Jornada de formaci\u00f3 &#8220;Com ens comuniquem entre adults i amb els infants&#8221;, organitzada pels serveis d&#8217;Atenci\u00f3 a la Inf\u00e0ncia i la Fam\u00edlia de l&#8217;\u00c0rea de Benestar. Aquestes jornades s&#8217;organitzen des de fa 10 anys i enguany, la sessi\u00f3 va ser condu\u00efda per Marta Albaladejo, mestre de prim\u00e0ria, psicoterapeuta i <em>coach<\/em>.<!--:--><!--:en--><\/p>\n<p><!--:--><!--:fr--><\/p>\n<p><!--:--><!--:es--><\/p>\n<p><!--:--><\/p>\n","protected":false},"excerpt":{"rendered":"<p>El 10 de novembre passat, 60 professionals de diferents centres d&#8217;educaci\u00f3 infantil 0-3 anys i de prim\u00e0ria de la comarca, van participar en la Jornada de formaci\u00f3 &#8220;Com ens comuniquem&hellip;<\/p>\n","protected":false},"author":3,"featured_media":933,"comment_status":"closed","ping_status":"closed","sticky":false,"template":"","format":"standard","meta":{"footnotes":""},"categories":[1],"tags":[27,117,24],"class_list":["post-928","post","type-post","status-publish","format-standard","has-post-thumbnail","hentry","category-general","tag-benestar-ccae","tag-formacio-ca","tag-inclusio-social","category-1","description-off"],"_links":{"self":[{"href":"https:\/\/inclusioaltemporda.cat\/portal\/wp-json\/wp\/v2\/posts\/928","targetHints":{"allow":["GET"]}}],"collection":[{"href":"https:\/\/inclusioaltemporda.cat\/portal\/wp-json\/wp\/v2\/posts"}],"about":[{"href":"https:\/\/inclusioaltemporda.cat\/portal\/wp-json\/wp\/v2\/types\/post"}],"author":[{"embeddable":true,"href":"https:\/\/inclusioaltemporda.cat\/portal\/wp-json\/wp\/v2\/users\/3"}],"replies":[{"embeddable":true,"href":"https:\/\/inclusioaltemporda.cat\/portal\/wp-json\/wp\/v2\/comments?post=928"}],"version-history":[{"count":6,"href":"https:\/\/inclusioaltemporda.cat\/portal\/wp-json\/wp\/v2\/posts\/928\/revisions"}],"predecessor-version":[{"id":3375,"href":"https:\/\/inclusioaltemporda.cat\/portal\/wp-json\/wp\/v2\/posts\/928\/revisions\/3375"}],"wp:featuredmedia":[{"embeddable":true,"href":"https:\/\/inclusioaltemporda.cat\/portal\/wp-json\/wp\/v2\/media\/933"}],"wp:attachment":[{"href":"https:\/\/inclusioaltemporda.cat\/portal\/wp-json\/wp\/v2\/media?parent=928"}],"wp:term":[{"taxonomy":"category","embeddable":true,"href":"https:\/\/inclusioaltemporda.cat\/portal\/wp-json\/wp\/v2\/categories?post=928"},{"taxonomy":"post_tag","embeddable":true,"href":"https:\/\/inclusioaltemporda.cat\/portal\/wp-json\/wp\/v2\/tags?post=928"}],"curies":[{"name":"wp","href":"https:\/\/api.w.org\/{rel}","templated":true}]}}