{"id":941,"date":"2012-12-18T10:58:00","date_gmt":"2012-12-18T09:58:00","guid":{"rendered":"https:\/\/inclusioaltemporda.cat\/portal\/?p=941"},"modified":"2016-02-01T09:21:55","modified_gmt":"2016-02-01T08:21:55","slug":"jornada-de-treball-de-larea-de-benestar","status":"publish","type":"post","link":"https:\/\/inclusioaltemporda.cat\/portal\/jornada-de-treball-de-larea-de-benestar\/","title":{"rendered":"Jornada de treball de l&#8217;\u00c0rea de Benestar"},"content":{"rendered":"<p><!--:CA-->El dimecres 19 de desembre tindr\u00e0 lloc la Jornada anual de reflexi\u00f3 i treball de l&#8217;\u00c0rea de Benestar del Consell Comarcal de l&#8217;Alt Empord\u00e0. Aquesta activitat t\u00e9 com a principal objectiu permetre reflexionar i repensar la pr\u00e0ctica di\u00e0ria que els professionals duen a terme des dels diferents serveis, d&#8217;una manera participativa.<\/p>\n<p>L&#8217;espai de treball conjunt tamb\u00e9 permetr\u00e0 presentar serveis i projectes nous. Per finalitzar la jornada hi ha prevista la presentaci\u00f3 de bones pr\u00e0ctiques de treball que han dut a terme diferents professionals de l&#8217;\u00c0rea durant els darrers dos anys.<!--:--><!--:en--><\/p>\n<p><!--:--><!--:fr--><\/p>\n<p><!--:--><!--:es--><\/p>\n<p><!--:--><\/p>\n","protected":false},"excerpt":{"rendered":"<p>El dimecres 19 de desembre tindr\u00e0 lloc la Jornada anual de reflexi\u00f3 i treball de l&#8217;\u00c0rea de Benestar del Consell Comarcal de l&#8217;Alt Empord\u00e0. Aquesta activitat t\u00e9 com a principal&hellip;<\/p>\n","protected":false},"author":2,"featured_media":949,"comment_status":"closed","ping_status":"closed","sticky":false,"template":"","format":"standard","meta":{"footnotes":""},"categories":[1],"tags":[27],"class_list":["post-941","post","type-post","status-publish","format-standard","has-post-thumbnail","hentry","category-general","tag-benestar-ccae","category-1","description-off"],"_links":{"self":[{"href":"https:\/\/inclusioaltemporda.cat\/portal\/wp-json\/wp\/v2\/posts\/941","targetHints":{"allow":["GET"]}}],"collection":[{"href":"https:\/\/inclusioaltemporda.cat\/portal\/wp-json\/wp\/v2\/posts"}],"about":[{"href":"https:\/\/inclusioaltemporda.cat\/portal\/wp-json\/wp\/v2\/types\/post"}],"author":[{"embeddable":true,"href":"https:\/\/inclusioaltemporda.cat\/portal\/wp-json\/wp\/v2\/users\/2"}],"replies":[{"embeddable":true,"href":"https:\/\/inclusioaltemporda.cat\/portal\/wp-json\/wp\/v2\/comments?post=941"}],"version-history":[{"count":8,"href":"https:\/\/inclusioaltemporda.cat\/portal\/wp-json\/wp\/v2\/posts\/941\/revisions"}],"predecessor-version":[{"id":3378,"href":"https:\/\/inclusioaltemporda.cat\/portal\/wp-json\/wp\/v2\/posts\/941\/revisions\/3378"}],"wp:featuredmedia":[{"embeddable":true,"href":"https:\/\/inclusioaltemporda.cat\/portal\/wp-json\/wp\/v2\/media\/949"}],"wp:attachment":[{"href":"https:\/\/inclusioaltemporda.cat\/portal\/wp-json\/wp\/v2\/media?parent=941"}],"wp:term":[{"taxonomy":"category","embeddable":true,"href":"https:\/\/inclusioaltemporda.cat\/portal\/wp-json\/wp\/v2\/categories?post=941"},{"taxonomy":"post_tag","embeddable":true,"href":"https:\/\/inclusioaltemporda.cat\/portal\/wp-json\/wp\/v2\/tags?post=941"}],"curies":[{"name":"wp","href":"https:\/\/api.w.org\/{rel}","templated":true}]}}