{"id":966,"date":"2012-12-17T11:20:06","date_gmt":"2012-12-17T10:20:06","guid":{"rendered":"https:\/\/inclusioaltemporda.cat\/portal\/?p=966"},"modified":"2016-02-01T09:21:55","modified_gmt":"2016-02-01T08:21:55","slug":"recursos-i-estrategies-per-combatre-els-rumors","status":"publish","type":"post","link":"https:\/\/inclusioaltemporda.cat\/portal\/recursos-i-estrategies-per-combatre-els-rumors\/","title":{"rendered":"Recursos i estrat\u00e8gies per combatre els rumors"},"content":{"rendered":"<p><!--:CA--><a href=\"https:\/\/inclusioaltemporda.cat\/portal\/wp-content\/uploads\/hands.jpg\"><img loading=\"lazy\" decoding=\"async\" class=\"alignleft  wp-image-972\" title=\"hands\" src=\"https:\/\/inclusioaltemporda.cat\/portal\/wp-content\/uploads\/hands-150x150.jpg\" alt=\"\" width=\"96\" height=\"96\" \/><\/a>L\u2019\u00e0rea de Benestar del Consell Comarcal de l\u2019Alt Empord\u00e0, conjuntament amb el Servei de Benestar Social de l\u2019Ajuntament de Figueres i amb el suport de la Direcci\u00f3 General per a la Immigraci\u00f3 va organitzar el passat 21 de novembre, una nova edici\u00f3 de la jornada \u201cNos+altres, cicle de jornades entorn de la nova ciutadania\u201d. En aquesta edici\u00f3 es va debatre sobre la \u201cGesti\u00f3 dels rumors vinculats a la immigraci\u00f3. Del concepte a la pr\u00e0ctica\u201d.<\/p>\n<p>A continuaci\u00f3 hi trobareu un parell de recursos interessants per que poden ser d&#8217;utilitat a l&#8217;hora de posar en pr\u00e0ctica les estrat\u00e8gies antirumors.<\/p>\n<ul>\n<li><a href=\"https:\/\/inclusioaltemporda.cat\/portal\/wp-content\/uploads\/Glossari_antirumors.pdf\">Glossari antirumors<\/a><\/li>\n<li><a href=\"https:\/\/inclusioaltemporda.cat\/portal\/wp-content\/uploads\/Bibliografia.pdf\">Bibliografia sobre estrat\u00e8gies antirumors<\/a><\/li>\n<\/ul>\n<p><!--:--><!--:en--><\/p>\n<p><!--:--><!--:fr--><\/p>\n<p><!--:--><!--:es--><\/p>\n<p><!--:--><\/p>\n","protected":false},"excerpt":{"rendered":"<p>L\u2019\u00e0rea de Benestar del Consell Comarcal de l\u2019Alt Empord\u00e0, conjuntament amb el Servei de Benestar Social de l\u2019Ajuntament de Figueres i amb el suport de la Direcci\u00f3 General per a&hellip;<\/p>\n","protected":false},"author":2,"featured_media":0,"comment_status":"closed","ping_status":"closed","sticky":false,"template":"","format":"standard","meta":{"footnotes":""},"categories":[1],"tags":[34,27,24],"class_list":["post-966","post","type-post","status-publish","format-standard","hentry","category-general","tag-aula-professionals","tag-benestar-ccae","tag-inclusio-social","category-1","description-off"],"_links":{"self":[{"href":"https:\/\/inclusioaltemporda.cat\/portal\/wp-json\/wp\/v2\/posts\/966","targetHints":{"allow":["GET"]}}],"collection":[{"href":"https:\/\/inclusioaltemporda.cat\/portal\/wp-json\/wp\/v2\/posts"}],"about":[{"href":"https:\/\/inclusioaltemporda.cat\/portal\/wp-json\/wp\/v2\/types\/post"}],"author":[{"embeddable":true,"href":"https:\/\/inclusioaltemporda.cat\/portal\/wp-json\/wp\/v2\/users\/2"}],"replies":[{"embeddable":true,"href":"https:\/\/inclusioaltemporda.cat\/portal\/wp-json\/wp\/v2\/comments?post=966"}],"version-history":[{"count":9,"href":"https:\/\/inclusioaltemporda.cat\/portal\/wp-json\/wp\/v2\/posts\/966\/revisions"}],"predecessor-version":[{"id":3376,"href":"https:\/\/inclusioaltemporda.cat\/portal\/wp-json\/wp\/v2\/posts\/966\/revisions\/3376"}],"wp:attachment":[{"href":"https:\/\/inclusioaltemporda.cat\/portal\/wp-json\/wp\/v2\/media?parent=966"}],"wp:term":[{"taxonomy":"category","embeddable":true,"href":"https:\/\/inclusioaltemporda.cat\/portal\/wp-json\/wp\/v2\/categories?post=966"},{"taxonomy":"post_tag","embeddable":true,"href":"https:\/\/inclusioaltemporda.cat\/portal\/wp-json\/wp\/v2\/tags?post=966"}],"curies":[{"name":"wp","href":"https:\/\/api.w.org\/{rel}","templated":true}]}}