{"id":979,"date":"2013-01-02T11:15:45","date_gmt":"2013-01-02T10:15:45","guid":{"rendered":"https:\/\/inclusioaltemporda.cat\/portal\/?p=979"},"modified":"2016-02-01T09:21:54","modified_gmt":"2016-02-01T08:21:54","slug":"publicats-els-resultats-de-lenquesta-a-les-persones-sense-llar-de-line-2012","status":"publish","type":"post","link":"https:\/\/inclusioaltemporda.cat\/portal\/publicats-els-resultats-de-lenquesta-a-les-persones-sense-llar-de-line-2012\/","title":{"rendered":"Publicats els resultats de l&#8217;Enquesta a les persones sense llar de l&#8217;INE (2012)"},"content":{"rendered":"<p><!--:CA--><a href=\"https:\/\/inclusioaltemporda.cat\/portal\/wp-content\/uploads\/701907_sadness.jpg\"><img loading=\"lazy\" decoding=\"async\" class=\"alignleft size-full wp-image-982\" title=\"701907_sadness\" src=\"https:\/\/inclusioaltemporda.cat\/portal\/wp-content\/uploads\/701907_sadness.jpg\" alt=\"\" width=\"100\" height=\"64\" \/><\/a> Recentment l&#8217;INE ha donat a con\u00e8ixer les dades de l&#8217;Enquesta a les persones sense llar (2012) duta a terme al conjunt de l&#8217;estat. La darrera enquesta realitzada a aquest col\u00b7lectiu era de l&#8217;any 2005 i les dades mostren variacions i un increment significatiu de la poblaci\u00f3 sense sostre en aquest per\u00edode. Si l&#8217;any 2005 s&#8217;estimava que 11.844 persones es trobaven en aquesta situaci\u00f3, l&#8217;any 2012 el nombre de persones sense llar va arribar a 22.938.<\/p>\n<p>Les dades que es refereixen a continuaci\u00f3 s\u00f3n un resum dels principals resultats de l&#8217;enquesta que l&#8217;INE realitza a persones de 18 o m\u00e9s anys que han estat usu\u00e0ries dels centres assistencials d&#8217;allotjament o restauraci\u00f3 en poblacions de m\u00e9s de 20.000 habitants.<\/p>\n<ul>\n<li>Del total de les persones sense llar usu\u00e0ries d&#8217;aquests serveis, el 80% s\u00f3n homes.<\/li>\n<li>Prop del 60% de la poblaci\u00f3 sense llar t\u00e9 menys de 45 anys, essent l&#8217;edat mitjana de 42,7 anys.<\/li>\n<li>El 54% de les persones sense llar s\u00f3n de nacionalitat espanyola i el 46% d&#8217;origen estranger.<\/li>\n<li>Les Comunitats Aut\u00f2nomes que enregistren major nombre de persones sense llar usu\u00e0ries dels centres assistencials d&#8217;allotjament i restauraci\u00f3 s\u00f3n Catalunya (21,3%); la Comunitat de Madrid (15,4%) i Andalusia (13%).<\/li>\n<li>La mitjana de persones sense llar per cada 100.000 habitants \u00e9s de 71,3 al conjunt de l&#8217;estat; 141,3 a Euskadi; 133 a Gal\u00edcia i 92,1 a Catalunya.<\/li>\n<li>El 32% de les persones sense llar porten menys d&#8217;un any sense disposar d&#8217;allotjament propi; el 24% entre 1 i 3 anys i el 44% m\u00e9s de 3 anys.<\/li>\n<li>Els principals motius que expliquen la seva situaci\u00f3 s\u00f3n la p\u00e8rdua de treball (45%), el no poder fer front al pagament de l&#8217;allotjament (26%) i la separaci\u00f3 de la parella (21%).<\/li>\n<li>Pel que fa a nivell d&#8217;estudis, el 60% de la poblaci\u00f3 ha assolit estudis secundaris, el 22% t\u00e9 estudis primaris i l&#8217;11,8% estudis superiors.<\/li>\n<li>El 78% de les persones sense llar no t\u00e9 feina. La meitat d&#8217;aquest grup de poblaci\u00f3 est\u00e0 cercant feina (52%). D&#8217;aquests, el 38% porten cercant feina entre 1 i 3 ants i el 17% fa m\u00e9s de 3 anys.<\/li>\n<li>Les principals fonts d&#8217;ingressos de la poblaci\u00f3 sense llar s\u00f3n les prestacions p\u00fabliques (RMI, prestacions per atur, pensions contributives i no contributives). La RMI \u00e9s percebuda per l&#8217;11,4% de les persones sense llar.<\/li>\n<\/ul>\n<p>Si teniu inter\u00e8s a con\u00e8ixer les dades m\u00e9s a fons, podeu accedir als resultats de l&#8217;enquesta mitjan\u00e7ant aquest<a title=\"enlla\u00e7 a l'INE\" href=\"http:\/\/www.ine.es\/jaxi\/menu.do?L=0&amp;type=pcaxis&amp;path=%2Ft25%2Fp454&amp;file=inebase\"> enlla\u00e7 a l&#8217;INE<\/a>.<!--:--><!--:en--><\/p>\n<p><!--:--><!--:fr--><\/p>\n<p><!--:--><!--:es--><\/p>\n<p><!--:--><\/p>\n","protected":false},"excerpt":{"rendered":"<p>Recentment l&#8217;INE ha donat a con\u00e8ixer les dades de l&#8217;Enquesta a les persones sense llar (2012) duta a terme al conjunt de l&#8217;estat. La darrera enquesta realitzada a aquest col\u00b7lectiu&hellip;<\/p>\n","protected":false},"author":3,"featured_media":0,"comment_status":"closed","ping_status":"closed","sticky":false,"template":"","format":"standard","meta":{"footnotes":""},"categories":[13],"tags":[29,18],"class_list":["post-979","post","type-post","status-publish","format-standard","hentry","category-observatori-inclusio-social-alt-emporda","tag-enquesta-persones-sense-llar-ine-2012","tag-observatori","category-13","description-off"],"_links":{"self":[{"href":"https:\/\/inclusioaltemporda.cat\/portal\/wp-json\/wp\/v2\/posts\/979","targetHints":{"allow":["GET"]}}],"collection":[{"href":"https:\/\/inclusioaltemporda.cat\/portal\/wp-json\/wp\/v2\/posts"}],"about":[{"href":"https:\/\/inclusioaltemporda.cat\/portal\/wp-json\/wp\/v2\/types\/post"}],"author":[{"embeddable":true,"href":"https:\/\/inclusioaltemporda.cat\/portal\/wp-json\/wp\/v2\/users\/3"}],"replies":[{"embeddable":true,"href":"https:\/\/inclusioaltemporda.cat\/portal\/wp-json\/wp\/v2\/comments?post=979"}],"version-history":[{"count":6,"href":"https:\/\/inclusioaltemporda.cat\/portal\/wp-json\/wp\/v2\/posts\/979\/revisions"}],"predecessor-version":[{"id":3379,"href":"https:\/\/inclusioaltemporda.cat\/portal\/wp-json\/wp\/v2\/posts\/979\/revisions\/3379"}],"wp:attachment":[{"href":"https:\/\/inclusioaltemporda.cat\/portal\/wp-json\/wp\/v2\/media?parent=979"}],"wp:term":[{"taxonomy":"category","embeddable":true,"href":"https:\/\/inclusioaltemporda.cat\/portal\/wp-json\/wp\/v2\/categories?post=979"},{"taxonomy":"post_tag","embeddable":true,"href":"https:\/\/inclusioaltemporda.cat\/portal\/wp-json\/wp\/v2\/tags?post=979"}],"curies":[{"name":"wp","href":"https:\/\/api.w.org\/{rel}","templated":true}]}}