{"id":988,"date":"2013-01-14T10:37:36","date_gmt":"2013-01-14T09:37:36","guid":{"rendered":"https:\/\/inclusioaltemporda.cat\/portal\/?p=988"},"modified":"2016-02-01T09:21:54","modified_gmt":"2016-02-01T08:21:54","slug":"parlem-ne-butlleti-sobre-leducacio-i-crianca-dels-fills-de-larea-de-benestar","status":"publish","type":"post","link":"https:\/\/inclusioaltemporda.cat\/portal\/parlem-ne-butlleti-sobre-leducacio-i-crianca-dels-fills-de-larea-de-benestar\/","title":{"rendered":"Parlem-ne ! Butllet\u00ed sobre l&#8217;educaci\u00f3 i crian\u00e7a dels fills de l&#8217;\u00e0rea de Benestar"},"content":{"rendered":"<p><!--:CA-->L&#8217;\u00e0rea de Benestar del Consell Comarcal de l&#8217;Alt Empord\u00e0 ha publicat un nou n\u00famero del butllet\u00ed Parlem-ne ! eina d&#8217;informaci\u00f3 del Programa 0-3 anys.<\/p>\n<p>Aquesta nova edici\u00f3,\u00a0 dedicada als beneficis dels canvis posturals en el nad\u00f3, es distribuir\u00e0 com \u00e9s habitual a totes les escoles bressol de la comarca i als centres de Salut per tal que arribi als pares i mares amb infants d&#8217;aquesta edat a l&#8217;Alt Empord\u00e0. Podeu consultar aquest n\u00famero del butllet\u00ed aix\u00ed com l&#8217;edici\u00f3 anterior en els enlla\u00e7os seg\u00fcents: <a title=\"Parlem-ne ! 27\" href=\"https:\/\/inclusioaltemporda.cat\/portal\/wp-content\/uploads\/Parlem-ne-27.pdf\">Parlem-ne ! 27<\/a> , <a title=\"Parlem-ne 26 \" href=\"https:\/\/inclusioaltemporda.cat\/portal\/wp-content\/uploads\/Parlem-ne-26.pdf\">Parlem-ne 26<\/a>\u00a0 i <a title=\"Parlem-ne ! 25\" href=\"https:\/\/inclusioaltemporda.cat\/portal\/wp-content\/uploads\/Parlemne-25.pdf\">Parlem-ne 25<\/a>.<!--:--><!--:en--><\/p>\n<p><!--:--><!--:fr--><\/p>\n<p><!--:--><!--:es--><\/p>\n<p><!--:--><\/p>\n","protected":false},"excerpt":{"rendered":"<p>L&#8217;\u00e0rea de Benestar del Consell Comarcal de l&#8217;Alt Empord\u00e0 ha publicat un nou n\u00famero del butllet\u00ed Parlem-ne ! eina d&#8217;informaci\u00f3 del Programa 0-3 anys. Aquesta nova edici\u00f3,\u00a0 dedicada als beneficis&hellip;<\/p>\n","protected":false},"author":3,"featured_media":1000,"comment_status":"closed","ping_status":"closed","sticky":false,"template":"","format":"standard","meta":{"footnotes":""},"categories":[1],"tags":[27,30],"class_list":["post-988","post","type-post","status-publish","format-standard","has-post-thumbnail","hentry","category-general","tag-benestar-ccae","tag-programa-0-3-anys-parlem-ne","category-1","description-off"],"_links":{"self":[{"href":"https:\/\/inclusioaltemporda.cat\/portal\/wp-json\/wp\/v2\/posts\/988","targetHints":{"allow":["GET"]}}],"collection":[{"href":"https:\/\/inclusioaltemporda.cat\/portal\/wp-json\/wp\/v2\/posts"}],"about":[{"href":"https:\/\/inclusioaltemporda.cat\/portal\/wp-json\/wp\/v2\/types\/post"}],"author":[{"embeddable":true,"href":"https:\/\/inclusioaltemporda.cat\/portal\/wp-json\/wp\/v2\/users\/3"}],"replies":[{"embeddable":true,"href":"https:\/\/inclusioaltemporda.cat\/portal\/wp-json\/wp\/v2\/comments?post=988"}],"version-history":[{"count":12,"href":"https:\/\/inclusioaltemporda.cat\/portal\/wp-json\/wp\/v2\/posts\/988\/revisions"}],"predecessor-version":[{"id":3381,"href":"https:\/\/inclusioaltemporda.cat\/portal\/wp-json\/wp\/v2\/posts\/988\/revisions\/3381"}],"wp:featuredmedia":[{"embeddable":true,"href":"https:\/\/inclusioaltemporda.cat\/portal\/wp-json\/wp\/v2\/media\/1000"}],"wp:attachment":[{"href":"https:\/\/inclusioaltemporda.cat\/portal\/wp-json\/wp\/v2\/media?parent=988"}],"wp:term":[{"taxonomy":"category","embeddable":true,"href":"https:\/\/inclusioaltemporda.cat\/portal\/wp-json\/wp\/v2\/categories?post=988"},{"taxonomy":"post_tag","embeddable":true,"href":"https:\/\/inclusioaltemporda.cat\/portal\/wp-json\/wp\/v2\/tags?post=988"}],"curies":[{"name":"wp","href":"https:\/\/api.w.org\/{rel}","templated":true}]}}